{"id":3829,"date":"2019-03-17T11:39:19","date_gmt":"2019-03-17T10:39:19","guid":{"rendered":"https:\/\/ensembleorfeo.fr\/?p=3829"},"modified":"2019-03-17T20:39:03","modified_gmt":"2019-03-17T19:39:03","slug":"les-larmes-de-lexil","status":"publish","type":"post","link":"https:\/\/ensembleorfeo.fr\/index.php\/2019\/03\/17\/les-larmes-de-lexil\/","title":{"rendered":"Les Larmes de l&rsquo;exil"},"content":{"rendered":"\n<p>Au XVIII\u00b0 si\u00e8cle, Venise et l\u2019Italie du Nord regorgent de musiciens dou\u00e9s qui r\u00eavent de se faire un nom. Aussi c\u00e8dent-ils souvent aux propositions, m\u00eame vagues, de princes et de ducs venus d\u2019Autriche et d\u2019Allemagne, riches seigneurs qui veulent la meilleure qualit\u00e9 \u00e0 la mode italienne pour leur chapelle et leur op\u00e9ra.<\/p>\n\n\n\n<p>Nous ignorons ce qu\u2019\u00e9prouva l\u2019artiste vagabond en quittant sa terre natale, une m\u00e8re, une bien-aim\u00e9e peut-\u00eatre\u2026 Beaucoup sont morts \u00e0 Vienne, ais\u00e9s ou mis\u00e9rables, tandis que Hasse, le cosmopolite c\u00e9l\u00e8bre pour ses op\u00e9ras, est venu mourir \u00e0 Venise<\/p>\n\n\n\n<p>Au programme des \u00ab&nbsp;Larmes de l\u2019exil&nbsp;\u00bb, ces musiciens partis chercher fortune au loin, Vivaldi, Bononcini, Caldara, Steffani, Tuma, Hasse. Ils ont en commun d\u2019avoir refl\u00e9t\u00e9 dans leur \u0153uvre un chagrin qui fut peut-\u00eatre personnel et qu\u2019ils transposent dans une musique sacr\u00e9e sobre, poignante et pourtant s\u00e9ductrice, souvent consacr\u00e9e \u00e0 la Vierge Marie&nbsp;: \u00ab&nbsp;<em>Stabat mater dolorosa&nbsp;\u00bb<\/em>. Beaucoup de ces pi\u00e8ces rares n\u2019ont jamais \u00e9t\u00e9 donn\u00e9es dans la r\u00e9gion&nbsp;<\/p>\n\n\n\n<p>L\u2019histoire des exil\u00e9s sera \u00e9voqu\u00e9e par des r\u00e9citants issus du ch\u0153ur (qui comprend 18 voix bien travaill\u00e9es, donc plusieurs solistes de qualit\u00e9), avec le soutien d\u2019Isabelle Duluc&nbsp;&nbsp;(violon), Paul Rousseau&nbsp;&nbsp;(violoncelle)&nbsp;&nbsp;et C\u00e9line Joly (orgue positif).<\/p>\n\n\n\n<p>Programme :<\/p>\n\n\n\n<ul class=\"wp-block-list\"><li>Vivaldi : Qui Tollis<\/li><li>Steffani : 2 extraits du Stabat Mater<\/li><li>Bononcini : Air de Maddalena<\/li><li>Tuma : Stabat Mater (extraits)<\/li><li>Steffani : Pretiosa (extrait du psaume 115)<\/li><li>Hasse : Requiem (extraits)<\/li><li>Caldara : Stabat Mater<\/li><\/ul>\n\n\n\n<div class=\"wp-block-image\"><figure class=\"aligncenter\"><img loading=\"lazy\" decoding=\"async\" width=\"300\" height=\"27\" src=\"http:\/\/ensembleorfeo.fr\/wp-content\/uploads\/2018\/03\/separateur-60px-300x27.jpg\" alt=\"\" class=\"wp-image-682\" srcset=\"https:\/\/ensembleorfeo.fr\/wp-content\/uploads\/2018\/03\/separateur-60px-300x27.jpg 300w, https:\/\/ensembleorfeo.fr\/wp-content\/uploads\/2018\/03\/separateur-60px.jpg 659w\" sizes=\"auto, (max-width: 300px) 100vw, 300px\" \/><\/figure><\/div>\n","protected":false},"excerpt":{"rendered":"<p>Au XVIII\u00b0 si\u00e8cle, Venise et l\u2019Italie du Nord regorgent de musiciens dou\u00e9s qui r\u00eavent de se faire un nom. Aussi c\u00e8dent-ils souvent aux propositions, m\u00eame vagues, de princes et de ducs venus d\u2019Autriche et d\u2019Allemagne, riches seigneurs qui veulent la meilleure qualit\u00e9 \u00e0 la mode italienne pour leur chapelle et leur op\u00e9ra. Nous ignorons ce &hellip; <\/p>\n<p class=\"link-more\"><a href=\"https:\/\/ensembleorfeo.fr\/index.php\/2019\/03\/17\/les-larmes-de-lexil\/\" class=\"more-link\">Continuer la lecture<span class=\"screen-reader-text\"> de &laquo;&nbsp;Les Larmes de l&rsquo;exil&nbsp;&raquo;<\/span><\/a><\/p>\n","protected":false},"author":36,"featured_media":0,"comment_status":"closed","ping_status":"open","sticky":false,"template":"","format":"standard","meta":{"footnotes":""},"categories":[1],"tags":[],"class_list":["post-3829","post","type-post","status-publish","format-standard","hentry","category-non-classe"],"yoast_head":"<!-- This site is optimized with the Yoast SEO plugin v27.5 - https:\/\/yoast.com\/product\/yoast-seo-wordpress\/ -->\n<title>Les Larmes de l&#039;exil - Ensemble Baroque ORFEO<\/title>\n<meta name=\"robots\" content=\"index, follow, max-snippet:-1, max-image-preview:large, max-video-preview:-1\" \/>\n<link rel=\"canonical\" href=\"https:\/\/ensembleorfeo.fr\/index.php\/2019\/03\/17\/les-larmes-de-lexil\/\" \/>\n<meta property=\"og:locale\" content=\"fr_FR\" \/>\n<meta property=\"og:type\" content=\"article\" \/>\n<meta property=\"og:title\" content=\"Les Larmes de l&#039;exil - Ensemble Baroque ORFEO\" \/>\n<meta property=\"og:description\" content=\"Au XVIII\u00b0 si\u00e8cle, Venise et l\u2019Italie du Nord regorgent de musiciens dou\u00e9s qui r\u00eavent de se faire un nom. Aussi c\u00e8dent-ils souvent aux propositions, m\u00eame vagues, de princes et de ducs venus d\u2019Autriche et d\u2019Allemagne, riches seigneurs qui veulent la meilleure qualit\u00e9 \u00e0 la mode italienne pour leur chapelle et leur op\u00e9ra. Nous ignorons ce &hellip; Continuer la lecture de &laquo;&nbsp;Les Larmes de l&rsquo;exil&nbsp;&raquo;\" \/>\n<meta property=\"og:url\" content=\"https:\/\/ensembleorfeo.fr\/index.php\/2019\/03\/17\/les-larmes-de-lexil\/\" \/>\n<meta property=\"og:site_name\" content=\"Ensemble Baroque ORFEO\" \/>\n<meta property=\"article:publisher\" content=\"https:\/\/www.facebook.com\/EnsembleOrfeo\/?eid=ARBaSR5WLVdmM60fRG9yuuJ0b1Yim05jQtqKqDw4YF6tKXNytAcqvv9ptI6tm6sIvwhxDEL7dlWbab1J\" \/>\n<meta property=\"article:published_time\" content=\"2019-03-17T10:39:19+00:00\" \/>\n<meta property=\"article:modified_time\" content=\"2019-03-17T19:39:03+00:00\" \/>\n<meta property=\"og:image\" content=\"http:\/\/ensembleorfeo.fr\/wp-content\/uploads\/2018\/03\/separateur-60px-300x27.jpg\" \/>\n<meta name=\"author\" content=\"Fran\u00e7oise Richard\" \/>\n<meta name=\"twitter:card\" content=\"summary_large_image\" \/>\n<meta name=\"twitter:label1\" content=\"\u00c9crit par\" \/>\n\t<meta name=\"twitter:data1\" content=\"Fran\u00e7oise Richard\" \/>\n\t<meta name=\"twitter:label2\" content=\"Dur\u00e9e de lecture estim\u00e9e\" \/>\n\t<meta name=\"twitter:data2\" content=\"1 minute\" \/>\n<script type=\"application\/ld+json\" class=\"yoast-schema-graph\">{\"@context\":\"https:\\\/\\\/schema.org\",\"@graph\":[{\"@type\":\"Article\",\"@id\":\"https:\\\/\\\/ensembleorfeo.fr\\\/index.php\\\/2019\\\/03\\\/17\\\/les-larmes-de-lexil\\\/#article\",\"isPartOf\":{\"@id\":\"https:\\\/\\\/ensembleorfeo.fr\\\/index.php\\\/2019\\\/03\\\/17\\\/les-larmes-de-lexil\\\/\"},\"author\":{\"name\":\"Fran\u00e7oise Richard\",\"@id\":\"https:\\\/\\\/ensembleorfeo.fr\\\/#\\\/schema\\\/person\\\/8100ca9cfd82dc82f5ac8b8fa6befdd6\"},\"headline\":\"Les Larmes de l&rsquo;exil\",\"datePublished\":\"2019-03-17T10:39:19+00:00\",\"dateModified\":\"2019-03-17T19:39:03+00:00\",\"mainEntityOfPage\":{\"@id\":\"https:\\\/\\\/ensembleorfeo.fr\\\/index.php\\\/2019\\\/03\\\/17\\\/les-larmes-de-lexil\\\/\"},\"wordCount\":272,\"publisher\":{\"@id\":\"https:\\\/\\\/ensembleorfeo.fr\\\/#organization\"},\"image\":{\"@id\":\"https:\\\/\\\/ensembleorfeo.fr\\\/index.php\\\/2019\\\/03\\\/17\\\/les-larmes-de-lexil\\\/#primaryimage\"},\"thumbnailUrl\":\"http:\\\/\\\/ensembleorfeo.fr\\\/wp-content\\\/uploads\\\/2018\\\/03\\\/separateur-60px-300x27.jpg\",\"inLanguage\":\"fr-FR\"},{\"@type\":\"WebPage\",\"@id\":\"https:\\\/\\\/ensembleorfeo.fr\\\/index.php\\\/2019\\\/03\\\/17\\\/les-larmes-de-lexil\\\/\",\"url\":\"https:\\\/\\\/ensembleorfeo.fr\\\/index.php\\\/2019\\\/03\\\/17\\\/les-larmes-de-lexil\\\/\",\"name\":\"Les Larmes de l'exil - Ensemble Baroque ORFEO\",\"isPartOf\":{\"@id\":\"https:\\\/\\\/ensembleorfeo.fr\\\/#website\"},\"primaryImageOfPage\":{\"@id\":\"https:\\\/\\\/ensembleorfeo.fr\\\/index.php\\\/2019\\\/03\\\/17\\\/les-larmes-de-lexil\\\/#primaryimage\"},\"image\":{\"@id\":\"https:\\\/\\\/ensembleorfeo.fr\\\/index.php\\\/2019\\\/03\\\/17\\\/les-larmes-de-lexil\\\/#primaryimage\"},\"thumbnailUrl\":\"http:\\\/\\\/ensembleorfeo.fr\\\/wp-content\\\/uploads\\\/2018\\\/03\\\/separateur-60px-300x27.jpg\",\"datePublished\":\"2019-03-17T10:39:19+00:00\",\"dateModified\":\"2019-03-17T19:39:03+00:00\",\"breadcrumb\":{\"@id\":\"https:\\\/\\\/ensembleorfeo.fr\\\/index.php\\\/2019\\\/03\\\/17\\\/les-larmes-de-lexil\\\/#breadcrumb\"},\"inLanguage\":\"fr-FR\",\"potentialAction\":[{\"@type\":\"ReadAction\",\"target\":[\"https:\\\/\\\/ensembleorfeo.fr\\\/index.php\\\/2019\\\/03\\\/17\\\/les-larmes-de-lexil\\\/\"]}]},{\"@type\":\"ImageObject\",\"inLanguage\":\"fr-FR\",\"@id\":\"https:\\\/\\\/ensembleorfeo.fr\\\/index.php\\\/2019\\\/03\\\/17\\\/les-larmes-de-lexil\\\/#primaryimage\",\"url\":\"https:\\\/\\\/ensembleorfeo.fr\\\/wp-content\\\/uploads\\\/2018\\\/03\\\/separateur-60px.jpg\",\"contentUrl\":\"https:\\\/\\\/ensembleorfeo.fr\\\/wp-content\\\/uploads\\\/2018\\\/03\\\/separateur-60px.jpg\",\"width\":659,\"height\":60},{\"@type\":\"BreadcrumbList\",\"@id\":\"https:\\\/\\\/ensembleorfeo.fr\\\/index.php\\\/2019\\\/03\\\/17\\\/les-larmes-de-lexil\\\/#breadcrumb\",\"itemListElement\":[{\"@type\":\"ListItem\",\"position\":1,\"name\":\"Accueil\",\"item\":\"https:\\\/\\\/ensembleorfeo.fr\\\/\"},{\"@type\":\"ListItem\",\"position\":2,\"name\":\"Les Larmes de l&#8217;exil\"}]},{\"@type\":\"WebSite\",\"@id\":\"https:\\\/\\\/ensembleorfeo.fr\\\/#website\",\"url\":\"https:\\\/\\\/ensembleorfeo.fr\\\/\",\"name\":\"Ensemble Baroque Orfeo\",\"description\":\"Direction Fran\u00e7oise Richard\",\"publisher\":{\"@id\":\"https:\\\/\\\/ensembleorfeo.fr\\\/#organization\"},\"potentialAction\":[{\"@type\":\"SearchAction\",\"target\":{\"@type\":\"EntryPoint\",\"urlTemplate\":\"https:\\\/\\\/ensembleorfeo.fr\\\/?s={search_term_string}\"},\"query-input\":{\"@type\":\"PropertyValueSpecification\",\"valueRequired\":true,\"valueName\":\"search_term_string\"}}],\"inLanguage\":\"fr-FR\"},{\"@type\":\"Organization\",\"@id\":\"https:\\\/\\\/ensembleorfeo.fr\\\/#organization\",\"name\":\"Ensemble Baroque Orfeo\",\"url\":\"https:\\\/\\\/ensembleorfeo.fr\\\/\",\"logo\":{\"@type\":\"ImageObject\",\"inLanguage\":\"fr-FR\",\"@id\":\"https:\\\/\\\/ensembleorfeo.fr\\\/#\\\/schema\\\/logo\\\/image\\\/\",\"url\":\"https:\\\/\\\/ensembleorfeo.fr\\\/wp-content\\\/uploads\\\/2018\\\/03\\\/Logo-Orfeo.jpg\",\"contentUrl\":\"https:\\\/\\\/ensembleorfeo.fr\\\/wp-content\\\/uploads\\\/2018\\\/03\\\/Logo-Orfeo.jpg\",\"width\":1671,\"height\":2156,\"caption\":\"Ensemble Baroque Orfeo\"},\"image\":{\"@id\":\"https:\\\/\\\/ensembleorfeo.fr\\\/#\\\/schema\\\/logo\\\/image\\\/\"},\"sameAs\":[\"https:\\\/\\\/www.facebook.com\\\/EnsembleOrfeo\\\/?eid=ARBaSR5WLVdmM60fRG9yuuJ0b1Yim05jQtqKqDw4YF6tKXNytAcqvv9ptI6tm6sIvwhxDEL7dlWbab1J\"]},{\"@type\":\"Person\",\"@id\":\"https:\\\/\\\/ensembleorfeo.fr\\\/#\\\/schema\\\/person\\\/8100ca9cfd82dc82f5ac8b8fa6befdd6\",\"name\":\"Fran\u00e7oise Richard\",\"image\":{\"@type\":\"ImageObject\",\"inLanguage\":\"fr-FR\",\"@id\":\"https:\\\/\\\/secure.gravatar.com\\\/avatar\\\/648868fa746f0a87b772b908fd3d107af5726a5cbe85763e95794a1fce305c4d?s=96&d=mm&r=g\",\"url\":\"https:\\\/\\\/secure.gravatar.com\\\/avatar\\\/648868fa746f0a87b772b908fd3d107af5726a5cbe85763e95794a1fce305c4d?s=96&d=mm&r=g\",\"contentUrl\":\"https:\\\/\\\/secure.gravatar.com\\\/avatar\\\/648868fa746f0a87b772b908fd3d107af5726a5cbe85763e95794a1fce305c4d?s=96&d=mm&r=g\",\"caption\":\"Fran\u00e7oise Richard\"}}]}<\/script>\n<!-- \/ Yoast SEO plugin. -->","yoast_head_json":{"title":"Les Larmes de l'exil - Ensemble Baroque ORFEO","robots":{"index":"index","follow":"follow","max-snippet":"max-snippet:-1","max-image-preview":"max-image-preview:large","max-video-preview":"max-video-preview:-1"},"canonical":"https:\/\/ensembleorfeo.fr\/index.php\/2019\/03\/17\/les-larmes-de-lexil\/","og_locale":"fr_FR","og_type":"article","og_title":"Les Larmes de l'exil - Ensemble Baroque ORFEO","og_description":"Au XVIII\u00b0 si\u00e8cle, Venise et l\u2019Italie du Nord regorgent de musiciens dou\u00e9s qui r\u00eavent de se faire un nom. Aussi c\u00e8dent-ils souvent aux propositions, m\u00eame vagues, de princes et de ducs venus d\u2019Autriche et d\u2019Allemagne, riches seigneurs qui veulent la meilleure qualit\u00e9 \u00e0 la mode italienne pour leur chapelle et leur op\u00e9ra. Nous ignorons ce &hellip; Continuer la lecture de &laquo;&nbsp;Les Larmes de l&rsquo;exil&nbsp;&raquo;","og_url":"https:\/\/ensembleorfeo.fr\/index.php\/2019\/03\/17\/les-larmes-de-lexil\/","og_site_name":"Ensemble Baroque ORFEO","article_publisher":"https:\/\/www.facebook.com\/EnsembleOrfeo\/?eid=ARBaSR5WLVdmM60fRG9yuuJ0b1Yim05jQtqKqDw4YF6tKXNytAcqvv9ptI6tm6sIvwhxDEL7dlWbab1J","article_published_time":"2019-03-17T10:39:19+00:00","article_modified_time":"2019-03-17T19:39:03+00:00","og_image":[{"url":"http:\/\/ensembleorfeo.fr\/wp-content\/uploads\/2018\/03\/separateur-60px-300x27.jpg","type":"","width":"","height":""}],"author":"Fran\u00e7oise Richard","twitter_card":"summary_large_image","twitter_misc":{"\u00c9crit par":"Fran\u00e7oise Richard","Dur\u00e9e de lecture estim\u00e9e":"1 minute"},"schema":{"@context":"https:\/\/schema.org","@graph":[{"@type":"Article","@id":"https:\/\/ensembleorfeo.fr\/index.php\/2019\/03\/17\/les-larmes-de-lexil\/#article","isPartOf":{"@id":"https:\/\/ensembleorfeo.fr\/index.php\/2019\/03\/17\/les-larmes-de-lexil\/"},"author":{"name":"Fran\u00e7oise Richard","@id":"https:\/\/ensembleorfeo.fr\/#\/schema\/person\/8100ca9cfd82dc82f5ac8b8fa6befdd6"},"headline":"Les Larmes de l&rsquo;exil","datePublished":"2019-03-17T10:39:19+00:00","dateModified":"2019-03-17T19:39:03+00:00","mainEntityOfPage":{"@id":"https:\/\/ensembleorfeo.fr\/index.php\/2019\/03\/17\/les-larmes-de-lexil\/"},"wordCount":272,"publisher":{"@id":"https:\/\/ensembleorfeo.fr\/#organization"},"image":{"@id":"https:\/\/ensembleorfeo.fr\/index.php\/2019\/03\/17\/les-larmes-de-lexil\/#primaryimage"},"thumbnailUrl":"http:\/\/ensembleorfeo.fr\/wp-content\/uploads\/2018\/03\/separateur-60px-300x27.jpg","inLanguage":"fr-FR"},{"@type":"WebPage","@id":"https:\/\/ensembleorfeo.fr\/index.php\/2019\/03\/17\/les-larmes-de-lexil\/","url":"https:\/\/ensembleorfeo.fr\/index.php\/2019\/03\/17\/les-larmes-de-lexil\/","name":"Les Larmes de l'exil - Ensemble Baroque ORFEO","isPartOf":{"@id":"https:\/\/ensembleorfeo.fr\/#website"},"primaryImageOfPage":{"@id":"https:\/\/ensembleorfeo.fr\/index.php\/2019\/03\/17\/les-larmes-de-lexil\/#primaryimage"},"image":{"@id":"https:\/\/ensembleorfeo.fr\/index.php\/2019\/03\/17\/les-larmes-de-lexil\/#primaryimage"},"thumbnailUrl":"http:\/\/ensembleorfeo.fr\/wp-content\/uploads\/2018\/03\/separateur-60px-300x27.jpg","datePublished":"2019-03-17T10:39:19+00:00","dateModified":"2019-03-17T19:39:03+00:00","breadcrumb":{"@id":"https:\/\/ensembleorfeo.fr\/index.php\/2019\/03\/17\/les-larmes-de-lexil\/#breadcrumb"},"inLanguage":"fr-FR","potentialAction":[{"@type":"ReadAction","target":["https:\/\/ensembleorfeo.fr\/index.php\/2019\/03\/17\/les-larmes-de-lexil\/"]}]},{"@type":"ImageObject","inLanguage":"fr-FR","@id":"https:\/\/ensembleorfeo.fr\/index.php\/2019\/03\/17\/les-larmes-de-lexil\/#primaryimage","url":"https:\/\/ensembleorfeo.fr\/wp-content\/uploads\/2018\/03\/separateur-60px.jpg","contentUrl":"https:\/\/ensembleorfeo.fr\/wp-content\/uploads\/2018\/03\/separateur-60px.jpg","width":659,"height":60},{"@type":"BreadcrumbList","@id":"https:\/\/ensembleorfeo.fr\/index.php\/2019\/03\/17\/les-larmes-de-lexil\/#breadcrumb","itemListElement":[{"@type":"ListItem","position":1,"name":"Accueil","item":"https:\/\/ensembleorfeo.fr\/"},{"@type":"ListItem","position":2,"name":"Les Larmes de l&#8217;exil"}]},{"@type":"WebSite","@id":"https:\/\/ensembleorfeo.fr\/#website","url":"https:\/\/ensembleorfeo.fr\/","name":"Ensemble Baroque Orfeo","description":"Direction Fran\u00e7oise Richard","publisher":{"@id":"https:\/\/ensembleorfeo.fr\/#organization"},"potentialAction":[{"@type":"SearchAction","target":{"@type":"EntryPoint","urlTemplate":"https:\/\/ensembleorfeo.fr\/?s={search_term_string}"},"query-input":{"@type":"PropertyValueSpecification","valueRequired":true,"valueName":"search_term_string"}}],"inLanguage":"fr-FR"},{"@type":"Organization","@id":"https:\/\/ensembleorfeo.fr\/#organization","name":"Ensemble Baroque Orfeo","url":"https:\/\/ensembleorfeo.fr\/","logo":{"@type":"ImageObject","inLanguage":"fr-FR","@id":"https:\/\/ensembleorfeo.fr\/#\/schema\/logo\/image\/","url":"https:\/\/ensembleorfeo.fr\/wp-content\/uploads\/2018\/03\/Logo-Orfeo.jpg","contentUrl":"https:\/\/ensembleorfeo.fr\/wp-content\/uploads\/2018\/03\/Logo-Orfeo.jpg","width":1671,"height":2156,"caption":"Ensemble Baroque Orfeo"},"image":{"@id":"https:\/\/ensembleorfeo.fr\/#\/schema\/logo\/image\/"},"sameAs":["https:\/\/www.facebook.com\/EnsembleOrfeo\/?eid=ARBaSR5WLVdmM60fRG9yuuJ0b1Yim05jQtqKqDw4YF6tKXNytAcqvv9ptI6tm6sIvwhxDEL7dlWbab1J"]},{"@type":"Person","@id":"https:\/\/ensembleorfeo.fr\/#\/schema\/person\/8100ca9cfd82dc82f5ac8b8fa6befdd6","name":"Fran\u00e7oise Richard","image":{"@type":"ImageObject","inLanguage":"fr-FR","@id":"https:\/\/secure.gravatar.com\/avatar\/648868fa746f0a87b772b908fd3d107af5726a5cbe85763e95794a1fce305c4d?s=96&d=mm&r=g","url":"https:\/\/secure.gravatar.com\/avatar\/648868fa746f0a87b772b908fd3d107af5726a5cbe85763e95794a1fce305c4d?s=96&d=mm&r=g","contentUrl":"https:\/\/secure.gravatar.com\/avatar\/648868fa746f0a87b772b908fd3d107af5726a5cbe85763e95794a1fce305c4d?s=96&d=mm&r=g","caption":"Fran\u00e7oise Richard"}}]}},"_links":{"self":[{"href":"https:\/\/ensembleorfeo.fr\/index.php\/wp-json\/wp\/v2\/posts\/3829","targetHints":{"allow":["GET"]}}],"collection":[{"href":"https:\/\/ensembleorfeo.fr\/index.php\/wp-json\/wp\/v2\/posts"}],"about":[{"href":"https:\/\/ensembleorfeo.fr\/index.php\/wp-json\/wp\/v2\/types\/post"}],"author":[{"embeddable":true,"href":"https:\/\/ensembleorfeo.fr\/index.php\/wp-json\/wp\/v2\/users\/36"}],"replies":[{"embeddable":true,"href":"https:\/\/ensembleorfeo.fr\/index.php\/wp-json\/wp\/v2\/comments?post=3829"}],"version-history":[{"count":4,"href":"https:\/\/ensembleorfeo.fr\/index.php\/wp-json\/wp\/v2\/posts\/3829\/revisions"}],"predecessor-version":[{"id":3853,"href":"https:\/\/ensembleorfeo.fr\/index.php\/wp-json\/wp\/v2\/posts\/3829\/revisions\/3853"}],"wp:attachment":[{"href":"https:\/\/ensembleorfeo.fr\/index.php\/wp-json\/wp\/v2\/media?parent=3829"}],"wp:term":[{"taxonomy":"category","embeddable":true,"href":"https:\/\/ensembleorfeo.fr\/index.php\/wp-json\/wp\/v2\/categories?post=3829"},{"taxonomy":"post_tag","embeddable":true,"href":"https:\/\/ensembleorfeo.fr\/index.php\/wp-json\/wp\/v2\/tags?post=3829"}],"curies":[{"name":"wp","href":"https:\/\/api.w.org\/{rel}","templated":true}]}}